{"id":9463,"date":"2023-07-12T15:17:05","date_gmt":"2023-07-12T15:17:05","guid":{"rendered":"https:\/\/bio4plas.com\/?p=9463"},"modified":"2023-07-12T15:17:05","modified_gmt":"2023-07-12T15:17:05","slug":"recolha-de-capsulas-de-cafe-chega-a-lisboa-com-ambicao-de-reciclar-20-toneladas-no-primeiro-ano","status":"publish","type":"post","link":"https:\/\/bio4plas.com\/fr\/noticias\/recolha-de-capsulas-de-cafe-chega-a-lisboa-com-ambicao-de-reciclar-20-toneladas-no-primeiro-ano\/","title":{"rendered":"La collection de capsules de caf\u00e9 arrive \u00e0 Lisbonne avec l&#039;ambition de recycler 20 tonnes la premi\u00e8re ann\u00e9e"},"content":{"rendered":"<p>Apr\u00e8s Cascais et Guimar\u00e3es, le projet de collecte et de recyclage des capsules de caf\u00e9 arrive \u00e0 Lisbonne. Le projet promu par l&#039;Associa\u00e7\u00e3o Industrial e Comercial do Caf\u00e9 (AICC), en partenariat avec six entreprises (Delta Caf\u00e9s, JMV, Massimo Zanetti Beverage Iberia, Nestl\u00e9 Portugal, NewCoffee et UCC) fournit des \u00e9copoints d\u00e9di\u00e9s au d\u00e9p\u00f4t des capsules de caf\u00e9 usag\u00e9es.<\/p>\n<p>\u00c0 partir d&#039;aujourd&#039;hui, la capitale fournira trois \u00e9cocentres mobiles qui seront disponibles en rotation dans les 24 paroisses de la ville et, jusqu&#039;\u00e0 fin septembre 2023, deux autres municipalit\u00e9s - Cantanhede et Almada - feront partie de cette initiative qui garantit la collecte et traitement des capsules de caf\u00e9 usag\u00e9es, en aluminium et en plastique.<\/p>\n<p>Carlos Moedas, maire de Lisbonne (CML), a d\u00e9clar\u00e9 ce mercredi lors de la c\u00e9r\u00e9monie de signature du protocole par les diff\u00e9rents repr\u00e9sentants des marques de caf\u00e9 et de la municipalit\u00e9, \u00e0 la mairie, que l&#039;objectif fix\u00e9 pour la premi\u00e8re ann\u00e9e d&#039;activit\u00e9 du projet implique la collecte de 20 000 tonnes de capsules. \u00ab Puisqu&#039;il s&#039;agit d&#039;un projet pilote, je lance ici le d\u00e9fi d&#039;avoir un \u00e9cocentre dans chacune des 24 paroisses \u00bb, a d\u00e9clar\u00e9 Carlos Moedas.<\/p>\n<p>La municipalit\u00e9 disposait d\u00e9j\u00e0 de trois \u00e9cocentres mobiles qui circulent pendant trois jours dans chacune des 24 paroisses de Lisbonne, mais uniquement pour la collecte des capsules en aluminium, d\u00e9chets que le conseil accumulait car ils n&#039;\u00e9taient pas envoy\u00e9s en traitement, Cl\u00e1udia Pimentel, a expliqu\u00e9 le secr\u00e9taire \u00e0 Hipersuper-g\u00e9n\u00e9ral de l&#039;AICC, en marge de l&#039;\u00e9v\u00e9nement.<\/p>\n<p>\u00ab Les \u00e9copoints de la chambre ne collectaient que les capsules d&#039;aluminium et maintenant ils collectent le plastique. Et, malgr\u00e9 la collecte des capsules, la municipalit\u00e9 n&#039;avait aucun traitement pour ces d\u00e9chets. Ce que nous sommes venus ajouter, c&#039;est le flux de plastique, qu&#039;ils ne r\u00e9cup\u00e9raient pas car ils ne pouvaient pas le s\u00e9parer, et le traitement \u00e0 la fois de l&#039;aluminium et du plastique \u00bb, souligne Cl\u00e1udia Pimentel.<\/p>\n<p>Le recyclage et le traitement sont pay\u00e9s par les entreprises participantes. L&#039;AICC s&#039;est associ\u00e9e \u00e0 l&#039;entreprise espagnole Saica, &quot;car au Portugal il n&#039;y a toujours pas d&#039;entreprises de recyclage qualifi\u00e9es pour effectuer ce recyclage&quot; et avec le <strong>Bio4Plas<\/strong>, bas\u00e9e \u00e0 Cantanhede, qui pourra d\u00e8s d\u00e9cembre recycler et traiter toutes les capsules du Portugal. &quot;Puis, en septembre, nous sommes pass\u00e9s \u00e0 la commune de Cantanhede, qui collecte aussi des capsules de sa propre initiative, mais n&#039;a aucun traitement&quot;, explique le secr\u00e9taire g\u00e9n\u00e9ral de l&#039;AICC.<\/p>\n<p>&quot;Ce que nous faisons, c&#039;est collecter les r\u00e9sidus, les apporter \u00e0 un recycleur et s\u00e9parer les trois composants : l&#039;aluminium, le plastique et les boues&quot;, d\u00e9crit-il. Et il donne des exemples de nouveaux produits qui peuvent na\u00eetre du recyclage des capsules. Le marc de caf\u00e9 est utilis\u00e9 comme compost organique. L&#039;aluminium peut \u00eatre utilis\u00e9 pour fabriquer des stylos \u00e0 bille, des v\u00e9los, des montures, des lunettes, entre autres. Dans le cas du plastique, on fabrique un granul\u00e9 qui peut \u00eatre utilis\u00e9, entre autres, dans le mobilier urbain et les poubelles.<\/p>\n<p>Les chiffres sont tr\u00e8s positifs. A Cascais, AICC a d\u00e9j\u00e0 r\u00e9ussi \u00e0 collecter 3,8 tonnes de capsules en six mois.<\/p>\n<p>L&#039;id\u00e9e est maintenant de s&#039;\u00e9tendre \u00e0 de nouveaux endroits. \u00ab Nous avons plus de communes int\u00e9ress\u00e9es par le projet, mais nous devons donner aux communes une marge de man\u0153uvre pour avoir les \u00e9cocentres, les points de collecte, car il y en a beaucoup qui n&#039;en ont toujours pas \u00bb, conclut Cl\u00e1udia Pimentel.<\/p>\n<h6>Source : https:\/\/www.hipersuper.pt\/2023\/07\/11\/recolha-capsulas-cafe-chega-lisboa-ambicao-reciclar-20-toneladas-no-primeiro-ano\/<\/h6>","protected":false},"excerpt":{"rendered":"<p>Le projet de collecte et de recyclage de capsules promu par AICC, en partenariat avec Delta Caf\u00e9s, JMV, Massimo Zanetti, Nestl\u00e9, NewCoffee et UCC, est arriv\u00e9 dans la capitale. Collecter et recycler 20 tonnes au cours de la premi\u00e8re ann\u00e9e du projet est l&#039;objectif de Lisbonne<\/p>","protected":false},"author":1,"featured_media":9464,"comment_status":"open","ping_status":"open","sticky":false,"template":"","format":"standard","meta":{"footnotes":""},"categories":[9],"tags":[],"class_list":["post-9463","post","type-post","status-publish","format-standard","has-post-thumbnail","hentry","category-noticias"],"_links":{"self":[{"href":"https:\/\/bio4plas.com\/fr\/wp-json\/wp\/v2\/posts\/9463","targetHints":{"allow":["GET"]}}],"collection":[{"href":"https:\/\/bio4plas.com\/fr\/wp-json\/wp\/v2\/posts"}],"about":[{"href":"https:\/\/bio4plas.com\/fr\/wp-json\/wp\/v2\/types\/post"}],"author":[{"embeddable":true,"href":"https:\/\/bio4plas.com\/fr\/wp-json\/wp\/v2\/users\/1"}],"replies":[{"embeddable":true,"href":"https:\/\/bio4plas.com\/fr\/wp-json\/wp\/v2\/comments?post=9463"}],"version-history":[{"count":1,"href":"https:\/\/bio4plas.com\/fr\/wp-json\/wp\/v2\/posts\/9463\/revisions"}],"predecessor-version":[{"id":9465,"href":"https:\/\/bio4plas.com\/fr\/wp-json\/wp\/v2\/posts\/9463\/revisions\/9465"}],"wp:featuredmedia":[{"embeddable":true,"href":"https:\/\/bio4plas.com\/fr\/wp-json\/wp\/v2\/media\/9464"}],"wp:attachment":[{"href":"https:\/\/bio4plas.com\/fr\/wp-json\/wp\/v2\/media?parent=9463"}],"wp:term":[{"taxonomy":"category","embeddable":true,"href":"https:\/\/bio4plas.com\/fr\/wp-json\/wp\/v2\/categories?post=9463"},{"taxonomy":"post_tag","embeddable":true,"href":"https:\/\/bio4plas.com\/fr\/wp-json\/wp\/v2\/tags?post=9463"}],"curies":[{"name":"wp","href":"https:\/\/api.w.org\/{rel}","templated":true}]}}